{"id":57,"date":"2015-07-04T13:28:01","date_gmt":"2015-07-04T11:28:01","guid":{"rendered":"http:\/\/adoptia.org\/en\/adoptia-agradece-la-participacion-en-la-charla-adopcion-y-escuela-las-dificultades-en-la-escuela-son-sintomas-de-hiperactividad\/"},"modified":"2016-04-26T19:02:24","modified_gmt":"2016-04-26T17:02:24","slug":"adoptia-agradece-la-participacion-en-la-charla-adopcion-y-escuela-las-dificultades-en-la-escuela-son-sintomas-de-hiperactividad","status":"publish","type":"post","link":"https:\/\/adoptia.org\/en\/adoptia-agradece-la-participacion-en-la-charla-adopcion-y-escuela-las-dificultades-en-la-escuela-son-sintomas-de-hiperactividad\/","title":{"rendered":"ADOPTIA AGRADECE LA PARTICIPACI\u00d3N EN LA CHARLA \u201cADOPCI\u00d3N Y ESCUELA: LAS DIFICULTADES EN LA ESCUELA, \u00bfSON S\u00cdNTOMAS DE HIPERACTIVIDAD?\u201d"},"content":{"rendered":"<p style=\"text-align: justify;\">Como continuaci\u00f3n del ciclo de charlas que Adoptia viene impartiendo desde el a\u00f1o pasado, el pasado viernes 6 de junio tuvo lugar la charla que despert\u00f3 inter\u00e9s sobre todo entre los profesionales del \u00e1mbito de la Educaci\u00f3n, dado que los problemas de comportamientos entendidos como \u201chiperactividad\u201d de muchos de los ni\u00f1os y ni\u00f1as adoptados es un tema que est\u00e1 a la orden del d\u00eda en las aulas. A trav\u00e9s de esta charla quisimos \u201cdesmitificar\u201d el diagn\u00f3stico de \u201cHiperactividad\u201d entre los alumnos y alumnas adoptados y hacer una lectura m\u00e1s all\u00e1 de problema de comportamiento como una manifestaci\u00f3n de la necesidad de reparar los da\u00f1os emocionales.<\/p>\n<p style=\"text-align: justify;\">En esta ocasi\u00f3n han participado en torno a 43 familias valorando especialmente las personas asistentes el inter\u00e9s que ha suscitado el contenido de la misma, aun teniendo en cuenta que el tema ha ido en la l\u00ednea de la charla que se imparti\u00f3 el 1 junio de 2013 \u201cAdopci\u00f3n y Escuela\u201d, pero esta vez se ha centrado y profundizado en la desatenci\u00f3n y la hiperactividad.<\/p>\n<p style=\"text-align: justify;\">Desde el Servicio se valora necesario seguir promoviendo una mayor participaci\u00f3n de las familias en estos espacios que ayuden a responder a dudas concretas y ofrezcan al tiempo un lugar de encuentro entre familias con preocupaciones similares.<\/p>\n<p style=\"text-align: justify;\">Con el t\u00edtulo, ADOPCI\u00d3N Y ESCUELA: LAS DIFICULTADES ENLA ESCUELA, \u00bfSON S\u00cdNTOMAS DE HIPERACTIVIDAD?el Servicio ADOPTIA en Vitoria ha querido compartir su experiencia y facilitar claves para entender y manejar los comportamientos m\u00e1s dif\u00edciles de ni\u00f1os y ni\u00f1as adoptados, sobre todo en las aulas, que es un contexto en el que se manifiestan con bastante virulencia las dificultades emocionales ligadas a su proceso de elaboraci\u00f3n e integraci\u00f3n de su historia de vida.<\/p>\n<p style=\"text-align: justify;\">\u00a1\u00a1\u00a1 GRACIAS !!!<\/p>\n<p style=\"text-align: justify;\">Os esperamos en la siguiente en OCTUBRE<\/p>\n","protected":false},"excerpt":{"rendered":"<p>Como continuaci\u00f3n del ciclo de charlas que Adoptia viene impartiendo desde el a\u00f1o pasado, el pasado viernes 6 de junio tuvo lugar&#8230;<\/p>\n","protected":false},"author":1,"featured_media":0,"comment_status":"open","ping_status":"open","sticky":false,"template":"","format":"standard","meta":{"footnotes":""},"categories":[6,17],"tags":[],"_links":{"self":[{"href":"https:\/\/adoptia.org\/en\/wp-json\/wp\/v2\/posts\/57"}],"collection":[{"href":"https:\/\/adoptia.org\/en\/wp-json\/wp\/v2\/posts"}],"about":[{"href":"https:\/\/adoptia.org\/en\/wp-json\/wp\/v2\/types\/post"}],"author":[{"embeddable":true,"href":"https:\/\/adoptia.org\/en\/wp-json\/wp\/v2\/users\/1"}],"replies":[{"embeddable":true,"href":"https:\/\/adoptia.org\/en\/wp-json\/wp\/v2\/comments?post=57"}],"version-history":[{"count":5,"href":"https:\/\/adoptia.org\/en\/wp-json\/wp\/v2\/posts\/57\/revisions"}],"predecessor-version":[{"id":382,"href":"https:\/\/adoptia.org\/en\/wp-json\/wp\/v2\/posts\/57\/revisions\/382"}],"wp:attachment":[{"href":"https:\/\/adoptia.org\/en\/wp-json\/wp\/v2\/media?parent=57"}],"wp:term":[{"taxonomy":"category","embeddable":true,"href":"https:\/\/adoptia.org\/en\/wp-json\/wp\/v2\/categories?post=57"},{"taxonomy":"post_tag","embeddable":true,"href":"https:\/\/adoptia.org\/en\/wp-json\/wp\/v2\/tags?post=57"}],"curies":[{"name":"wp","href":"https:\/\/api.w.org\/{rel}","templated":true}]}}