{"id":752,"date":"2017-05-26T15:57:52","date_gmt":"2017-05-26T13:57:52","guid":{"rendered":"http:\/\/adoptia.org\/eu\/?p=752"},"modified":"2017-05-26T15:58:53","modified_gmt":"2017-05-26T13:58:53","slug":"kantabriako-gizarte-langintzaren-elkargo-ofizialak-antolatutako-jardunaldietan-partaidetza","status":"publish","type":"post","link":"https:\/\/adoptia.org\/eu\/kantabriako-gizarte-langintzaren-elkargo-ofizialak-antolatutako-jardunaldietan-partaidetza\/","title":{"rendered":"KANTABRIAKO GIZARTE LANGINTZAREN ELKARGO OFIZIALAK ANTOLATUTAKO JARDUNALDIETAN PARTAIDETZA"},"content":{"rendered":"<p style=\"text-align: justify;\">\u201cJornadas t\u00e9cnicas: intervenci\u00f3n con familias desde el trabajo social\u201d izenburutzat duten jardunaldi hauek, maiatzaren 25ean eta 26an, eta ekainaren 2an eta 3an gauzatuko dira. Adoptiak, ekainaren 2an gauzatuko den, \u201cConocer para reconocer: claves para conocer las necesidades espec\u00edficas de los ni\u00f1os y ni\u00f1as adoptadas y sus familias\u201d mintegiaren bitartez parte hartuko du. Mintegia Bego\u00f1a Guijarro, gizarte-langilea eta Adoptia zerbitzuko arduradunak landuko du. Bertan, gizarte langintza esparruko 30 profesional inguru parte hartuko dute.<\/p>\n<p style=\"text-align: justify;\">4 orduko iraupeneko mintegi honen helburuak ondokoak dira: adoptatutako adingabeek aurkeztu ditzaketen karakterizazioaren eta behar orokorren inguratzea, eta garrantzitsuak diren erlazio-emozional, atxikimendu eta emozio konexio kontzeptuetara hurreratzea. Helburuok, metodologia teoriko-praktiko baten bitartez landuko dira.<\/p>\n<p style=\"text-align: justify;\"><a href=\"http:\/\/adoptia.org\/wp-content\/uploads\/2017\/05\/IV_Jornadas_COTSCantabria.pdf\">Informazio gehiagorako, familiekin esku-hartzeko jardunaldi tekniko hauen dokumentuaren kontsulta egin dezakezue.<\/a><\/p>\n","protected":false},"excerpt":{"rendered":"<p>\u201cJornadas t\u00e9cnicas: intervenci\u00f3n con familias desde el trabajo social\u201d izenburutzat duten jardunaldi hauek, maiatzaren 25ean eta 26an, eta ekainaren 2an eta 3an&#8230;<\/p>\n","protected":false},"author":1,"featured_media":750,"comment_status":"open","ping_status":"open","sticky":false,"template":"","format":"standard","meta":{"footnotes":""},"categories":[12],"tags":[],"_links":{"self":[{"href":"https:\/\/adoptia.org\/eu\/wp-json\/wp\/v2\/posts\/752"}],"collection":[{"href":"https:\/\/adoptia.org\/eu\/wp-json\/wp\/v2\/posts"}],"about":[{"href":"https:\/\/adoptia.org\/eu\/wp-json\/wp\/v2\/types\/post"}],"author":[{"embeddable":true,"href":"https:\/\/adoptia.org\/eu\/wp-json\/wp\/v2\/users\/1"}],"replies":[{"embeddable":true,"href":"https:\/\/adoptia.org\/eu\/wp-json\/wp\/v2\/comments?post=752"}],"version-history":[{"count":3,"href":"https:\/\/adoptia.org\/eu\/wp-json\/wp\/v2\/posts\/752\/revisions"}],"predecessor-version":[{"id":755,"href":"https:\/\/adoptia.org\/eu\/wp-json\/wp\/v2\/posts\/752\/revisions\/755"}],"wp:featuredmedia":[{"embeddable":true,"href":"https:\/\/adoptia.org\/eu\/wp-json\/wp\/v2\/media\/750"}],"wp:attachment":[{"href":"https:\/\/adoptia.org\/eu\/wp-json\/wp\/v2\/media?parent=752"}],"wp:term":[{"taxonomy":"category","embeddable":true,"href":"https:\/\/adoptia.org\/eu\/wp-json\/wp\/v2\/categories?post=752"},{"taxonomy":"post_tag","embeddable":true,"href":"https:\/\/adoptia.org\/eu\/wp-json\/wp\/v2\/tags?post=752"}],"curies":[{"name":"wp","href":"https:\/\/api.w.org\/{rel}","templated":true}]}}